{"id":336,"date":"2013-03-16T20:59:35","date_gmt":"2013-03-16T19:59:35","guid":{"rendered":"http:\/\/95.216.152.204\/?p=336"},"modified":"2013-11-24T10:37:35","modified_gmt":"2013-11-24T09:37:35","slug":"der-workshop-hat-volle-geschwindigkeit-erreicht","status":"publish","type":"post","link":"http:\/\/astronomie-erding.de\/?p=336","title":{"rendered":"Der Workshop Allgemeine Relativit\u00e4tstheorie"},"content":{"rendered":"<div id=\"attachment_335\" style=\"width: 310px\" class=\"wp-caption alignleft\"><a href=\"http:\/\/95.216.152.204\/wp-content\/uploads\/2013\/03\/20130305_203307-e1373223301764.jpg\"><img loading=\"lazy\" decoding=\"async\" aria-describedby=\"caption-attachment-335\" class=\"size-medium wp-image-335\" alt=\"Der Kommutator von 2 kovarianten Ableitungen ergibt den Riemannschen Kr\u00fcmmungstensor!\" src=\"http:\/\/95.216.152.204\/wp-content\/uploads\/2013\/03\/20130305_203307-300x225.jpg\" width=\"300\" height=\"225\" \/><\/a><p id=\"caption-attachment-335\" class=\"wp-caption-text\">Der Kommutator von 2 kovarianten Ableitungen ergibt den Riemannschen Kr\u00fcmmungstensor!<\/p><\/div>\n<p>Nach etwa zehn Kursabenden sind wir im Workshop &#8222;Allgemeine Relativit\u00e4tstheorie&#8220; am 5. M\u00e4rz 2013 beim Konzept der Kr\u00fcmmung angelangt.<\/p>\n<p><!--more--><\/p>\n<p>&nbsp;<\/p>\n<p>&nbsp;<\/p>\n<p>&nbsp;<\/p>\n<p>&nbsp;<\/p>\n<p>[slideshow_deploy id=&#8217;439&#8242;]<\/p>\n","protected":false},"excerpt":{"rendered":"<p>Nach etwa zehn Kursabenden sind wir im Workshop &#8222;Allgemeine Relativit\u00e4tstheorie&#8220; am 5. M\u00e4rz 2013 beim Konzept der Kr\u00fcmmung angelangt.<\/p>\n","protected":false},"author":3,"featured_media":0,"comment_status":"closed","ping_status":"closed","sticky":false,"template":"","format":"standard","meta":{"footnotes":""},"categories":[4],"tags":[],"aioseo_notices":[],"_links":{"self":[{"href":"http:\/\/astronomie-erding.de\/index.php?rest_route=\/wp\/v2\/posts\/336"}],"collection":[{"href":"http:\/\/astronomie-erding.de\/index.php?rest_route=\/wp\/v2\/posts"}],"about":[{"href":"http:\/\/astronomie-erding.de\/index.php?rest_route=\/wp\/v2\/types\/post"}],"author":[{"embeddable":true,"href":"http:\/\/astronomie-erding.de\/index.php?rest_route=\/wp\/v2\/users\/3"}],"replies":[{"embeddable":true,"href":"http:\/\/astronomie-erding.de\/index.php?rest_route=%2Fwp%2Fv2%2Fcomments&post=336"}],"version-history":[{"count":33,"href":"http:\/\/astronomie-erding.de\/index.php?rest_route=\/wp\/v2\/posts\/336\/revisions"}],"predecessor-version":[{"id":660,"href":"http:\/\/astronomie-erding.de\/index.php?rest_route=\/wp\/v2\/posts\/336\/revisions\/660"}],"wp:attachment":[{"href":"http:\/\/astronomie-erding.de\/index.php?rest_route=%2Fwp%2Fv2%2Fmedia&parent=336"}],"wp:term":[{"taxonomy":"category","embeddable":true,"href":"http:\/\/astronomie-erding.de\/index.php?rest_route=%2Fwp%2Fv2%2Fcategories&post=336"},{"taxonomy":"post_tag","embeddable":true,"href":"http:\/\/astronomie-erding.de\/index.php?rest_route=%2Fwp%2Fv2%2Ftags&post=336"}],"curies":[{"name":"wp","href":"https:\/\/api.w.org\/{rel}","templated":true}]}}