{"id":707,"date":"2014-03-09T18:44:38","date_gmt":"2014-03-09T17:44:38","guid":{"rendered":"http:\/\/95.216.152.204\/?p=707"},"modified":"2014-03-09T18:46:01","modified_gmt":"2014-03-09T17:46:01","slug":"sidewalk-astronomie-am-schrannenplatz-08-03-2014","status":"publish","type":"post","link":"http:\/\/astronomie-erding.de\/?p=707","title":{"rendered":"Sidewalk Astronomie am Schrannenplatz, 08.03.2014"},"content":{"rendered":"<address style=\"text-align: left;\"><a href=\"http:\/\/95.216.152.204\/wp-content\/uploads\/2014\/03\/IMG_4802.jpg\"><img loading=\"lazy\" decoding=\"async\" class=\"alignleft size-large wp-image-703\" alt=\"IMG_4802\" src=\"http:\/\/95.216.152.204\/wp-content\/uploads\/2014\/03\/IMG_4802-1024x682.jpg\" width=\"338\" height=\"215\" \/><\/a>Um 20:00 Uhr startete\u00a0das zweite\u00a0Teleskoptreffen im Jahr 2014.\u00a0Obwohl die Temperatur nicht sonderlich hoch\u00a0war und eine d\u00fcnne Nebeldecke \u00fcber Erding lag,\u00a0brachte es uns nicht davon\u00a0ab, den Mond, Jupiter und einmal kurz den <!--more-->Orionnebel zu beobachten.\u00a0Wie bei zuvor veranstalteten Treffen, waren auch dieses Mal Passanten anwesend, welche versuchten die Objekte mit ihren Smartphones zu fotografieren. W\u00e4hrend es mehrere schafften den Mond abzulichten (die Ergebnisse konnten sich durchaus sehen lassen), hat der Eine oder Andere sogar den Jupiter samt den Galileischen Monden erwischt (wenn auch der Jupiter ein wenig \u00fcberbelichtet war). Aber auch jene Passanten, welche kein Bild knipsten, zeigten Interesse an der Astronomie. Sogar die Polizei war anwesend, sie interessierte sich jedoch weniger f\u00fcr den Nachthimmel, als f\u00fcr unsere anscheinend nicht ganz ordnungsgem\u00e4\u00df geparkten Fahrzeuge.<\/address>\n<address style=\"text-align: left;\">[slideshow_deploy id=&#8217;711&#8242;]<\/address>\n","protected":false},"excerpt":{"rendered":"<p>Um 20:00 Uhr startete\u00a0das zweite\u00a0Teleskoptreffen im Jahr 2014.\u00a0Obwohl die Temperatur nicht sonderlich hoch\u00a0war und eine d\u00fcnne Nebeldecke \u00fcber Erding lag,\u00a0brachte es uns nicht davon\u00a0ab, den Mond, Jupiter und einmal kurz den<\/p>\n","protected":false},"author":8,"featured_media":0,"comment_status":"open","ping_status":"closed","sticky":false,"template":"","format":"standard","meta":{"footnotes":""},"categories":[1],"tags":[],"aioseo_notices":[],"_links":{"self":[{"href":"http:\/\/astronomie-erding.de\/index.php?rest_route=\/wp\/v2\/posts\/707"}],"collection":[{"href":"http:\/\/astronomie-erding.de\/index.php?rest_route=\/wp\/v2\/posts"}],"about":[{"href":"http:\/\/astronomie-erding.de\/index.php?rest_route=\/wp\/v2\/types\/post"}],"author":[{"embeddable":true,"href":"http:\/\/astronomie-erding.de\/index.php?rest_route=\/wp\/v2\/users\/8"}],"replies":[{"embeddable":true,"href":"http:\/\/astronomie-erding.de\/index.php?rest_route=%2Fwp%2Fv2%2Fcomments&post=707"}],"version-history":[{"count":6,"href":"http:\/\/astronomie-erding.de\/index.php?rest_route=\/wp\/v2\/posts\/707\/revisions"}],"predecessor-version":[{"id":718,"href":"http:\/\/astronomie-erding.de\/index.php?rest_route=\/wp\/v2\/posts\/707\/revisions\/718"}],"wp:attachment":[{"href":"http:\/\/astronomie-erding.de\/index.php?rest_route=%2Fwp%2Fv2%2Fmedia&parent=707"}],"wp:term":[{"taxonomy":"category","embeddable":true,"href":"http:\/\/astronomie-erding.de\/index.php?rest_route=%2Fwp%2Fv2%2Fcategories&post=707"},{"taxonomy":"post_tag","embeddable":true,"href":"http:\/\/astronomie-erding.de\/index.php?rest_route=%2Fwp%2Fv2%2Ftags&post=707"}],"curies":[{"name":"wp","href":"https:\/\/api.w.org\/{rel}","templated":true}]}}