{"id":993,"date":"2019-11-01T16:41:27","date_gmt":"2019-11-01T15:41:27","guid":{"rendered":"http:\/\/95.216.152.204\/?p=993"},"modified":"2019-11-01T16:41:27","modified_gmt":"2019-11-01T15:41:27","slug":"jugendkulturtage-in-erding-und-astronomie","status":"publish","type":"post","link":"http:\/\/astronomie-erding.de\/?p=993","title":{"rendered":"Jugendkulturtage in Erding und Astronomie."},"content":{"rendered":"<p>Wenn ich mir das Datum des letzten Eintrages auf der ESA \u2013 Erding Sidewalk Astronomers Web Site ansehe, dann merke ich, dass es eigentlich schon viel zu lange her ist, dass in Erding \u201eastronomiem\u00e4\u00dfig\u201c was passiert ist.<\/p>\n<p>Das soll sich jetzt \u00e4ndern! Den Auftakt machen dazu die bevorstehenden Jugundkulturtage im November:<\/p>\n<p><a href=\"http:\/\/95.216.152.204\/wp-content\/uploads\/2019\/11\/Jugendkulturtage-ED-2019.png\"><img loading=\"lazy\" decoding=\"async\" class=\"size-medium wp-image-994 aligncenter\" src=\"http:\/\/95.216.152.204\/wp-content\/uploads\/2019\/11\/Jugendkulturtage-ED-2019-216x300.png\" alt=\"\" width=\"216\" height=\"300\" srcset=\"http:\/\/astronomie-erding.de\/wp-content\/uploads\/2019\/11\/Jugendkulturtage-ED-2019-216x300.png 216w, http:\/\/astronomie-erding.de\/wp-content\/uploads\/2019\/11\/Jugendkulturtage-ED-2019-768x1069.png 768w, http:\/\/astronomie-erding.de\/wp-content\/uploads\/2019\/11\/Jugendkulturtage-ED-2019-736x1024.png 736w, http:\/\/astronomie-erding.de\/wp-content\/uploads\/2019\/11\/Jugendkulturtage-ED-2019.png 827w\" sizes=\"(max-width: 216px) 100vw, 216px\" \/><\/a><\/p>\n<p>Inmitten der vielen sehr guten und interessanten Veranstaltungen der Jugundkulturtage befinden sich auch zwei Events der Erdinger ESA:<\/p>\n<p><a href=\"http:\/\/95.216.152.204\/wp-content\/uploads\/2019\/11\/Baumarktteleskop.png\"><img loading=\"lazy\" decoding=\"async\" class=\"size-medium wp-image-995 aligncenter\" src=\"http:\/\/95.216.152.204\/wp-content\/uploads\/2019\/11\/Baumarktteleskop-216x300.png\" alt=\"\" width=\"216\" height=\"300\" srcset=\"http:\/\/astronomie-erding.de\/wp-content\/uploads\/2019\/11\/Baumarktteleskop-216x300.png 216w, http:\/\/astronomie-erding.de\/wp-content\/uploads\/2019\/11\/Baumarktteleskop-768x1068.png 768w, http:\/\/astronomie-erding.de\/wp-content\/uploads\/2019\/11\/Baumarktteleskop-737x1024.png 737w, http:\/\/astronomie-erding.de\/wp-content\/uploads\/2019\/11\/Baumarktteleskop.png 828w\" sizes=\"(max-width: 216px) 100vw, 216px\" \/><\/a><\/p>\n<p>Am Freitag, den 22.11. von 16:00 Uhr bis ca. 20:00 Uhr k\u00f6nnen \u201eBaumarkt-Teleskope\u201c selbst gebaut werden. Da die Materialien dazu vorab besorgt werden m\u00fcssen, bitte ich um eine Anmeldung unter: <a href=\"mailto:Werner.Wehrum@gmx.net\">Werner.Wehrum@gmx.net<\/a>. Und leider ergibt sich daraus auch ein Unkostenbeitrag von 25 \u20ac f\u00fcr die Materialien. Aber daf\u00fcr kann man dann mit dem eigenen, brandneuen Teleskop gleich am selben Abend mit auf den Schrannenplatz gehen.<\/p>\n<p>Denn der zweite Event anl\u00e4sslich der Jugendkulturtage ist unser n\u00e4chstes Treffen auf dem Schrannenplatz mit den Teleskopen, also am<\/p>\n<p>Freitag, den 22.11. ab ca. 20:00 Uhr:<\/p>\n<p><a href=\"http:\/\/95.216.152.204\/wp-content\/uploads\/2019\/11\/Schrannenplatz-22-11-2019.png\"><img loading=\"lazy\" decoding=\"async\" class=\"size-medium wp-image-996 aligncenter\" src=\"http:\/\/95.216.152.204\/wp-content\/uploads\/2019\/11\/Schrannenplatz-22-11-2019-214x300.png\" alt=\"\" width=\"214\" height=\"300\" srcset=\"http:\/\/astronomie-erding.de\/wp-content\/uploads\/2019\/11\/Schrannenplatz-22-11-2019-214x300.png 214w, http:\/\/astronomie-erding.de\/wp-content\/uploads\/2019\/11\/Schrannenplatz-22-11-2019-768x1079.png 768w, http:\/\/astronomie-erding.de\/wp-content\/uploads\/2019\/11\/Schrannenplatz-22-11-2019-729x1024.png 729w, http:\/\/astronomie-erding.de\/wp-content\/uploads\/2019\/11\/Schrannenplatz-22-11-2019.png 821w\" sizes=\"(max-width: 214px) 100vw, 214px\" \/><\/a><\/p>\n<p>Ganz so toll wie im Flyer wird man die Milchstra\u00dfe mit den Stra\u00dfenlaternen am Schrannenplatz nicht sehen k\u00f6nnen, aber das erwartet uns am 22.11. um 20:00:<\/p>\n<p><a href=\"http:\/\/95.216.152.204\/wp-content\/uploads\/2019\/11\/Sichtbarkeit-22-11-2019.png\"><img loading=\"lazy\" decoding=\"async\" class=\"alignnone wp-image-997\" src=\"http:\/\/95.216.152.204\/wp-content\/uploads\/2019\/11\/Sichtbarkeit-22-11-2019-300x146.png\" alt=\"\" width=\"511\" height=\"259\" \/><\/a><\/p>\n<p>Sollte es am Freitag, den 22.11. schlechtes Wetter, also Wolken oder gar Regen geben, versuchen wir unser Gl\u00fcck am Samstag, den 23.11.<\/p>\n<p>Auf alle F\u00e4lle freuen wir uns, wenn wieder viele interessierte Erdinger kommen und einen Blick durchs Teleskop werfen!<\/p>\n<p>Die gro\u00dfen immer wieder gern gesehenen High-Lights, die Planeten, verschwinden leider am 22.11. schon zwischen 17:00 Uhr und 17:30 Uhr unter dem Horzont und k\u00f6nnen nur an Standorten mit guter Sicht nach S\u00fcd-Westen in der D\u00e4mmerung erblickt werden. Wer also selbst sein Gl\u00fcck versuchen will, die drei Planeten: Venus, Jupiter und Saturn sind an diesem Abend die ersten drei &#8222;Sterne&#8220;, die am Himmel zu sehen sind, da sie die hellsten Objekte des Abends sind.<\/p>\n<p>Aufsuchhilfe (17:00 Uhr):<\/p>\n<p><a href=\"http:\/\/95.216.152.204\/wp-content\/uploads\/2019\/11\/Planeten-22-11-2019.png\"><img loading=\"lazy\" decoding=\"async\" class=\"size-medium wp-image-998 aligncenter\" src=\"http:\/\/95.216.152.204\/wp-content\/uploads\/2019\/11\/Planeten-22-11-2019-300x219.png\" alt=\"\" width=\"300\" height=\"219\" srcset=\"http:\/\/astronomie-erding.de\/wp-content\/uploads\/2019\/11\/Planeten-22-11-2019-300x219.png 300w, http:\/\/astronomie-erding.de\/wp-content\/uploads\/2019\/11\/Planeten-22-11-2019-411x300.png 411w, http:\/\/astronomie-erding.de\/wp-content\/uploads\/2019\/11\/Planeten-22-11-2019.png 490w\" sizes=\"(max-width: 300px) 100vw, 300px\" \/><\/a><\/p>\n<p>Beide Simulationen des Abendhimmels sind mit der Open Source Software Stellarium erstellt worden.<\/p>\n","protected":false},"excerpt":{"rendered":"<p>Wenn ich mir das Datum des letzten Eintrages auf der ESA \u2013 Erding Sidewalk Astronomers Web Site ansehe, dann merke ich, dass es eigentlich schon viel zu lange her ist, dass in Erding \u201eastronomiem\u00e4\u00dfig\u201c was passiert ist. Das soll sich &hellip; <a href=\"http:\/\/astronomie-erding.de\/?p=993\">Weiterlesen <span class=\"meta-nav\">&rarr;<\/span><\/a><\/p>\n","protected":false},"author":7,"featured_media":994,"comment_status":"open","ping_status":"closed","sticky":false,"template":"","format":"standard","meta":{"footnotes":""},"categories":[1],"tags":[],"aioseo_notices":[],"_links":{"self":[{"href":"http:\/\/astronomie-erding.de\/index.php?rest_route=\/wp\/v2\/posts\/993"}],"collection":[{"href":"http:\/\/astronomie-erding.de\/index.php?rest_route=\/wp\/v2\/posts"}],"about":[{"href":"http:\/\/astronomie-erding.de\/index.php?rest_route=\/wp\/v2\/types\/post"}],"author":[{"embeddable":true,"href":"http:\/\/astronomie-erding.de\/index.php?rest_route=\/wp\/v2\/users\/7"}],"replies":[{"embeddable":true,"href":"http:\/\/astronomie-erding.de\/index.php?rest_route=%2Fwp%2Fv2%2Fcomments&post=993"}],"version-history":[{"count":6,"href":"http:\/\/astronomie-erding.de\/index.php?rest_route=\/wp\/v2\/posts\/993\/revisions"}],"predecessor-version":[{"id":1004,"href":"http:\/\/astronomie-erding.de\/index.php?rest_route=\/wp\/v2\/posts\/993\/revisions\/1004"}],"wp:featuredmedia":[{"embeddable":true,"href":"http:\/\/astronomie-erding.de\/index.php?rest_route=\/wp\/v2\/media\/994"}],"wp:attachment":[{"href":"http:\/\/astronomie-erding.de\/index.php?rest_route=%2Fwp%2Fv2%2Fmedia&parent=993"}],"wp:term":[{"taxonomy":"category","embeddable":true,"href":"http:\/\/astronomie-erding.de\/index.php?rest_route=%2Fwp%2Fv2%2Fcategories&post=993"},{"taxonomy":"post_tag","embeddable":true,"href":"http:\/\/astronomie-erding.de\/index.php?rest_route=%2Fwp%2Fv2%2Ftags&post=993"}],"curies":[{"name":"wp","href":"https:\/\/api.w.org\/{rel}","templated":true}]}}